
{"id":3607,"date":"2021-09-20T21:23:00","date_gmt":"2021-09-20T21:23:00","guid":{"rendered":"https:\/\/staging.novelis.io\/?post_type=in_the_press&#038;p=3607"},"modified":"2024-04-12T09:23:41","modified_gmt":"2024-04-12T09:23:41","slug":"novelis-devoile-sa-nouvelle-identite-de-marque-avec-un-logo-plus-colore-et-plus-moderne","status":"publish","type":"in_the_press","link":"https:\/\/novelis.io\/fr\/in_the_press\/novelis-devoile-sa-nouvelle-identite-de-marque-avec-un-logo-plus-colore-et-plus-moderne\/","title":{"rendered":"Novelis d\u00e9voile sa nouvelle identit\u00e9 de marque avec un logo plus color\u00e9 et plus moderne !"},"content":{"rendered":"\n<p><em><strong>Novelis Digital Innovation devient Novelis<\/strong><\/em><\/p>\n\n\n\n<p><strong>Paris, le 20 septembre 2021 \u2013<\/strong>&nbsp;<a href=\"https:\/\/novelis.io\/fr\/\">Novelis<\/a>, acteur technologique fran\u00e7ais, \u00e0 la pointe de la recherche sur l\u2019IA, sp\u00e9cialis\u00e9 dans les architectures innovantes et l\u2019efficacit\u00e9 op\u00e9rationnelles des processus m\u00e9tiers, fait peau neuve en renouvelant son logo et son identit\u00e9 de marque. A cette occasion, l\u2019entreprise entame \u00e9galement un grand projet de refonte global de son site web (\u00e0 d\u00e9couvrir tr\u00e8s prochainement).<\/p>\n\n\n\n<p>Cr\u00e9\u00e9e en 2017, Novelis est une structure hybride \u00e0 mi-chemin entre la startup, le cabinet de conseil, l\u2019\u00e9diteur et l\u2019entreprise de services. Chez Novelis, l\u2019innovation se traduit au quotidien dans les investissements, tant sur les technologies en rupture que sur les travaux men\u00e9s au sein de leur&nbsp;<a href=\"https:\/\/novelis.io\/fr\/laboratoire-rd\/\">Laboratoire R&amp;D interne<\/a>. Ce dernier est financ\u00e9 par leurs activit\u00e9s de service \u00e0 hauteur d\u20191\/4 du chiffre d\u2019affaires.<\/p>\n\n\n\n<p>La soci\u00e9t\u00e9 rassemble aujourd\u2019hui plus de 80 collaborateurs et est pr\u00e9sente \u00e0 l\u2019international en accompagnant une cinquantaine de clients autour de leurs enjeux m\u00e9tiers.<\/p>\n\n\n\n<div style=\"height:30px\" aria-hidden=\"true\" class=\"wp-block-spacer\"><\/div>\n\n\n\n<h2 class=\"wp-block-heading\" id=\"un-nouveau-logo-pour-une-nouvelle-identite-de-marque\"><strong>Un nouveau logo pour une nouvelle identit\u00e9 de marque<\/strong><\/h2>\n\n\n<div class=\"wp-block-image\">\n<figure class=\"aligncenter\"><img decoding=\"async\" src=\"https:\/\/novelis.io\/wp-content\/uploads\/2021\/09\/Sans-titre-30-1024x576.png\" alt=\"\" class=\"wp-image-4655\"\/><\/figure><\/div>\n\n\n<p>Le choix du nom de la soci\u00e9t\u00e9 n\u2019est pas anodin, Novelis est inspir\u00e9 du mot \u00ab innovation \u00bb. Le challenge \u00e9tait donc de faire ressortir cette valeur visuellement et graphiquement, de cr\u00e9er un nouveau logo simple, moderne et dont on se souviendra.<\/p>\n\n\n\n<div style=\"height:29px\" aria-hidden=\"true\" class=\"wp-block-spacer\"><\/div>\n\n\n\n<p>Il n\u2019est pas simple de mettre le mot innovation dans un visuel d\u2019identit\u00e9, donc l\u2019id\u00e9e ici \u00e9tait d\u2019utiliser un symbole qui repr\u00e9sente l\u2019essence de cette innovation et puisqu\u2019il s\u2019agit d\u2019une entreprise orient\u00e9e Tech, quoi de mieux que le&nbsp;<strong>&lt;code \/&gt;&nbsp;<\/strong>pour le repr\u00e9senter ?<\/p>\n\n\n\n<p>Quant au choix des couleurs, elles donnent au nouveau logo une profondeur en \u00e9tablissant un lien visuel avec les valeurs et la personnalit\u00e9 de Novelis : une personnalit\u00e9 dynamique et passionn\u00e9e. Elles repr\u00e9sentent le c\u00f4t\u00e9 multiculturel de la soci\u00e9t\u00e9 qui s\u2019efforce de chercher des talents partout dans le monde, de l\u2019Am\u00e9rique Latine \u00e0 l\u2019Afrique en passant par l\u2019Europe, d\u2019o\u00f9 ce maillage des couleurs.&nbsp;<\/p>\n\n\n\n<div style=\"height:100px\" aria-hidden=\"true\" class=\"wp-block-spacer\"><\/div>\n\n\n\n<div class=\"wp-block-buttons is-layout-flex wp-block-buttons-is-layout-flex\">\n<div class=\"wp-block-button\"><a class=\"wp-block-button__link wp-element-button\" href=\"https:\/\/novelis.io\/fr\/news\/le-site-novelis-fait-peau-neuve\/\">Nouveau site Novelis<\/a><\/div>\n<\/div>\n","protected":false},"featured_media":2318,"template":"","categories":[23],"custom_tag":[226,222,227,225],"class_list":["post-3607","in_the_press","type-in_the_press","status-publish","has-post-thumbnail","hentry","category-cp","custom_tag-adn","custom_tag-entreprise","custom_tag-identite","custom_tag-logo-fr"],"acf":{"summary":"Paris, le 20 septembre 2021 - Novelis, soci\u00e9t\u00e9 technologique fran\u00e7aise \u00e0 la pointe de la recherche en IA, sp\u00e9cialis\u00e9e dans les architectures innovantes et l'efficacit\u00e9 op\u00e9rationnelle des processus m\u00e9tiers, refond son logo et son identit\u00e9 de marque. Pour marquer l'occasion, l'entreprise se lance dans une refonte globale majeure de son site internet (\u00e0 d\u00e9couvrir prochainement).","filter_opacity":"70","subtitle":"","reading_time":"","authors":"","document_to_download":{"upload_a_file":false,"download_without_form":false,"file":false,"url":""},"externel_link":"","show_recent_block_on_the_bottom_of_the_page":false},"yoast_head":"<!-- This site is optimized with the Yoast SEO plugin v25.6 - https:\/\/yoast.com\/wordpress\/plugins\/seo\/ -->\n<title>Novelis d\u00e9voile son identit\u00e9 de marque avec un nouveau logo !<\/title>\n<meta name=\"description\" content=\"Nouvelle identit\u00e9 de marque pour Novelis : un logo plus color\u00e9 et plus moderne, inspir\u00e9 du mot \u00ab innovation \u00bb.\" \/>\n<meta name=\"robots\" content=\"index, follow, max-snippet:-1, max-image-preview:large, max-video-preview:-1\" \/>\n<link rel=\"canonical\" href=\"https:\/\/novelis.io\/fr\/in_the_press\/novelis-devoile-sa-nouvelle-identite-de-marque-avec-un-logo-plus-colore-et-plus-moderne\/\" \/>\n<meta property=\"og:locale\" content=\"fr_FR\" \/>\n<meta property=\"og:type\" content=\"article\" \/>\n<meta property=\"og:title\" content=\"Novelis d\u00e9voile son identit\u00e9 de marque avec un nouveau logo !\" \/>\n<meta property=\"og:description\" content=\"Nouvelle identit\u00e9 de marque pour Novelis : un logo plus color\u00e9 et plus moderne, inspir\u00e9 du mot \u00ab innovation \u00bb.\" \/>\n<meta property=\"og:url\" content=\"https:\/\/novelis.io\/fr\/in_the_press\/novelis-devoile-sa-nouvelle-identite-de-marque-avec-un-logo-plus-colore-et-plus-moderne\/\" \/>\n<meta property=\"og:site_name\" content=\"Novelis innovation\" \/>\n<meta property=\"article:publisher\" content=\"https:\/\/www.facebook.com\/novelis.io\" \/>\n<meta property=\"article:modified_time\" content=\"2024-04-12T09:23:41+00:00\" \/>\n<meta property=\"og:image\" content=\"https:\/\/novelis.io\/wp-content\/uploads\/2022\/02\/Taille-banniere-site-Blog-47.png\" \/>\n\t<meta property=\"og:image:width\" content=\"1200\" \/>\n\t<meta property=\"og:image:height\" content=\"628\" \/>\n\t<meta property=\"og:image:type\" content=\"image\/png\" \/>\n<meta name=\"twitter:card\" content=\"summary_large_image\" \/>\n<meta name=\"twitter:site\" content=\"@novelis_io\" \/>\n<meta name=\"twitter:label1\" content=\"Dur\u00e9e de lecture estim\u00e9e\" \/>\n\t<meta name=\"twitter:data1\" content=\"2 minutes\" \/>\n<script type=\"application\/ld+json\" class=\"yoast-schema-graph\">{\"@context\":\"https:\/\/schema.org\",\"@graph\":[{\"@type\":\"WebPage\",\"@id\":\"https:\/\/novelis.io\/fr\/in_the_press\/novelis-devoile-sa-nouvelle-identite-de-marque-avec-un-logo-plus-colore-et-plus-moderne\/\",\"url\":\"https:\/\/novelis.io\/fr\/in_the_press\/novelis-devoile-sa-nouvelle-identite-de-marque-avec-un-logo-plus-colore-et-plus-moderne\/\",\"name\":\"Novelis d\u00e9voile son identit\u00e9 de marque avec un nouveau logo !\",\"isPartOf\":{\"@id\":\"https:\/\/novelis.io\/fr\/#website\"},\"primaryImageOfPage\":{\"@id\":\"https:\/\/novelis.io\/fr\/in_the_press\/novelis-devoile-sa-nouvelle-identite-de-marque-avec-un-logo-plus-colore-et-plus-moderne\/#primaryimage\"},\"image\":{\"@id\":\"https:\/\/novelis.io\/fr\/in_the_press\/novelis-devoile-sa-nouvelle-identite-de-marque-avec-un-logo-plus-colore-et-plus-moderne\/#primaryimage\"},\"thumbnailUrl\":\"https:\/\/novelis.io\/wp-content\/uploads\/2022\/02\/Taille-banniere-site-Blog-47.png\",\"datePublished\":\"2021-09-20T21:23:00+00:00\",\"dateModified\":\"2024-04-12T09:23:41+00:00\",\"description\":\"Nouvelle identit\u00e9 de marque pour Novelis : un logo plus color\u00e9 et plus moderne, inspir\u00e9 du mot \u00ab innovation \u00bb.\",\"breadcrumb\":{\"@id\":\"https:\/\/novelis.io\/fr\/in_the_press\/novelis-devoile-sa-nouvelle-identite-de-marque-avec-un-logo-plus-colore-et-plus-moderne\/#breadcrumb\"},\"inLanguage\":\"fr-FR\",\"potentialAction\":[{\"@type\":\"ReadAction\",\"target\":[\"https:\/\/novelis.io\/fr\/in_the_press\/novelis-devoile-sa-nouvelle-identite-de-marque-avec-un-logo-plus-colore-et-plus-moderne\/\"]}]},{\"@type\":\"ImageObject\",\"inLanguage\":\"fr-FR\",\"@id\":\"https:\/\/novelis.io\/fr\/in_the_press\/novelis-devoile-sa-nouvelle-identite-de-marque-avec-un-logo-plus-colore-et-plus-moderne\/#primaryimage\",\"url\":\"https:\/\/novelis.io\/wp-content\/uploads\/2022\/02\/Taille-banniere-site-Blog-47.png\",\"contentUrl\":\"https:\/\/novelis.io\/wp-content\/uploads\/2022\/02\/Taille-banniere-site-Blog-47.png\",\"width\":1200,\"height\":628},{\"@type\":\"BreadcrumbList\",\"@id\":\"https:\/\/novelis.io\/fr\/in_the_press\/novelis-devoile-sa-nouvelle-identite-de-marque-avec-un-logo-plus-colore-et-plus-moderne\/#breadcrumb\",\"itemListElement\":[{\"@type\":\"ListItem\",\"position\":1,\"name\":\"Accueil\",\"item\":\"https:\/\/novelis.io\/fr\/\"},{\"@type\":\"ListItem\",\"position\":2,\"name\":\"Novelis d\u00e9voile sa nouvelle identit\u00e9 de marque avec un logo plus color\u00e9 et plus moderne !\"}]},{\"@type\":\"WebSite\",\"@id\":\"https:\/\/novelis.io\/fr\/#website\",\"url\":\"https:\/\/novelis.io\/fr\/\",\"name\":\"Novelis innovation\",\"description\":\"Novelis innovation\",\"publisher\":{\"@id\":\"https:\/\/novelis.io\/fr\/#organization\"},\"potentialAction\":[{\"@type\":\"SearchAction\",\"target\":{\"@type\":\"EntryPoint\",\"urlTemplate\":\"https:\/\/novelis.io\/fr\/?s={search_term_string}\"},\"query-input\":{\"@type\":\"PropertyValueSpecification\",\"valueRequired\":true,\"valueName\":\"search_term_string\"}}],\"inLanguage\":\"fr-FR\"},{\"@type\":\"Organization\",\"@id\":\"https:\/\/novelis.io\/fr\/#organization\",\"name\":\"Novelis innovation\",\"url\":\"https:\/\/novelis.io\/fr\/\",\"logo\":{\"@type\":\"ImageObject\",\"inLanguage\":\"fr-FR\",\"@id\":\"https:\/\/novelis.io\/fr\/#\/schema\/logo\/image\/\",\"url\":\"https:\/\/novelis.io\/wp-content\/uploads\/2021\/12\/logo-1.png\",\"contentUrl\":\"https:\/\/novelis.io\/wp-content\/uploads\/2021\/12\/logo-1.png\",\"width\":479,\"height\":98,\"caption\":\"Novelis innovation\"},\"image\":{\"@id\":\"https:\/\/novelis.io\/fr\/#\/schema\/logo\/image\/\"},\"sameAs\":[\"https:\/\/www.facebook.com\/novelis.io\",\"https:\/\/x.com\/novelis_io\",\"https:\/\/www.linkedin.com\/company\/novelis-consulting\/\",\"https:\/\/www.youtube.com\/channel\/UCJ5eJR22n2GtfKaTWueWRPQ\"]}]}<\/script>\n<!-- \/ Yoast SEO plugin. -->","yoast_head_json":{"title":"Novelis d\u00e9voile son identit\u00e9 de marque avec un nouveau logo !","description":"Nouvelle identit\u00e9 de marque pour Novelis : un logo plus color\u00e9 et plus moderne, inspir\u00e9 du mot \u00ab innovation \u00bb.","robots":{"index":"index","follow":"follow","max-snippet":"max-snippet:-1","max-image-preview":"max-image-preview:large","max-video-preview":"max-video-preview:-1"},"canonical":"https:\/\/novelis.io\/fr\/in_the_press\/novelis-devoile-sa-nouvelle-identite-de-marque-avec-un-logo-plus-colore-et-plus-moderne\/","og_locale":"fr_FR","og_type":"article","og_title":"Novelis d\u00e9voile son identit\u00e9 de marque avec un nouveau logo !","og_description":"Nouvelle identit\u00e9 de marque pour Novelis : un logo plus color\u00e9 et plus moderne, inspir\u00e9 du mot \u00ab innovation \u00bb.","og_url":"https:\/\/novelis.io\/fr\/in_the_press\/novelis-devoile-sa-nouvelle-identite-de-marque-avec-un-logo-plus-colore-et-plus-moderne\/","og_site_name":"Novelis innovation","article_publisher":"https:\/\/www.facebook.com\/novelis.io","article_modified_time":"2024-04-12T09:23:41+00:00","og_image":[{"width":1200,"height":628,"url":"https:\/\/novelis.io\/wp-content\/uploads\/2022\/02\/Taille-banniere-site-Blog-47.png","type":"image\/png"}],"twitter_card":"summary_large_image","twitter_site":"@novelis_io","twitter_misc":{"Dur\u00e9e de lecture estim\u00e9e":"2 minutes"},"schema":{"@context":"https:\/\/schema.org","@graph":[{"@type":"WebPage","@id":"https:\/\/novelis.io\/fr\/in_the_press\/novelis-devoile-sa-nouvelle-identite-de-marque-avec-un-logo-plus-colore-et-plus-moderne\/","url":"https:\/\/novelis.io\/fr\/in_the_press\/novelis-devoile-sa-nouvelle-identite-de-marque-avec-un-logo-plus-colore-et-plus-moderne\/","name":"Novelis d\u00e9voile son identit\u00e9 de marque avec un nouveau logo !","isPartOf":{"@id":"https:\/\/novelis.io\/fr\/#website"},"primaryImageOfPage":{"@id":"https:\/\/novelis.io\/fr\/in_the_press\/novelis-devoile-sa-nouvelle-identite-de-marque-avec-un-logo-plus-colore-et-plus-moderne\/#primaryimage"},"image":{"@id":"https:\/\/novelis.io\/fr\/in_the_press\/novelis-devoile-sa-nouvelle-identite-de-marque-avec-un-logo-plus-colore-et-plus-moderne\/#primaryimage"},"thumbnailUrl":"https:\/\/novelis.io\/wp-content\/uploads\/2022\/02\/Taille-banniere-site-Blog-47.png","datePublished":"2021-09-20T21:23:00+00:00","dateModified":"2024-04-12T09:23:41+00:00","description":"Nouvelle identit\u00e9 de marque pour Novelis : un logo plus color\u00e9 et plus moderne, inspir\u00e9 du mot \u00ab innovation \u00bb.","breadcrumb":{"@id":"https:\/\/novelis.io\/fr\/in_the_press\/novelis-devoile-sa-nouvelle-identite-de-marque-avec-un-logo-plus-colore-et-plus-moderne\/#breadcrumb"},"inLanguage":"fr-FR","potentialAction":[{"@type":"ReadAction","target":["https:\/\/novelis.io\/fr\/in_the_press\/novelis-devoile-sa-nouvelle-identite-de-marque-avec-un-logo-plus-colore-et-plus-moderne\/"]}]},{"@type":"ImageObject","inLanguage":"fr-FR","@id":"https:\/\/novelis.io\/fr\/in_the_press\/novelis-devoile-sa-nouvelle-identite-de-marque-avec-un-logo-plus-colore-et-plus-moderne\/#primaryimage","url":"https:\/\/novelis.io\/wp-content\/uploads\/2022\/02\/Taille-banniere-site-Blog-47.png","contentUrl":"https:\/\/novelis.io\/wp-content\/uploads\/2022\/02\/Taille-banniere-site-Blog-47.png","width":1200,"height":628},{"@type":"BreadcrumbList","@id":"https:\/\/novelis.io\/fr\/in_the_press\/novelis-devoile-sa-nouvelle-identite-de-marque-avec-un-logo-plus-colore-et-plus-moderne\/#breadcrumb","itemListElement":[{"@type":"ListItem","position":1,"name":"Accueil","item":"https:\/\/novelis.io\/fr\/"},{"@type":"ListItem","position":2,"name":"Novelis d\u00e9voile sa nouvelle identit\u00e9 de marque avec un logo plus color\u00e9 et plus moderne !"}]},{"@type":"WebSite","@id":"https:\/\/novelis.io\/fr\/#website","url":"https:\/\/novelis.io\/fr\/","name":"Novelis innovation","description":"Novelis innovation","publisher":{"@id":"https:\/\/novelis.io\/fr\/#organization"},"potentialAction":[{"@type":"SearchAction","target":{"@type":"EntryPoint","urlTemplate":"https:\/\/novelis.io\/fr\/?s={search_term_string}"},"query-input":{"@type":"PropertyValueSpecification","valueRequired":true,"valueName":"search_term_string"}}],"inLanguage":"fr-FR"},{"@type":"Organization","@id":"https:\/\/novelis.io\/fr\/#organization","name":"Novelis innovation","url":"https:\/\/novelis.io\/fr\/","logo":{"@type":"ImageObject","inLanguage":"fr-FR","@id":"https:\/\/novelis.io\/fr\/#\/schema\/logo\/image\/","url":"https:\/\/novelis.io\/wp-content\/uploads\/2021\/12\/logo-1.png","contentUrl":"https:\/\/novelis.io\/wp-content\/uploads\/2021\/12\/logo-1.png","width":479,"height":98,"caption":"Novelis innovation"},"image":{"@id":"https:\/\/novelis.io\/fr\/#\/schema\/logo\/image\/"},"sameAs":["https:\/\/www.facebook.com\/novelis.io","https:\/\/x.com\/novelis_io","https:\/\/www.linkedin.com\/company\/novelis-consulting\/","https:\/\/www.youtube.com\/channel\/UCJ5eJR22n2GtfKaTWueWRPQ"]}]}},"_links":{"self":[{"href":"https:\/\/novelis.io\/fr\/wp-json\/wp\/v2\/in_the_press\/3607"}],"collection":[{"href":"https:\/\/novelis.io\/fr\/wp-json\/wp\/v2\/in_the_press"}],"about":[{"href":"https:\/\/novelis.io\/fr\/wp-json\/wp\/v2\/types\/in_the_press"}],"wp:featuredmedia":[{"embeddable":true,"href":"https:\/\/novelis.io\/fr\/wp-json\/wp\/v2\/media\/2318"}],"wp:attachment":[{"href":"https:\/\/novelis.io\/fr\/wp-json\/wp\/v2\/media?parent=3607"}],"wp:term":[{"taxonomy":"category","embeddable":true,"href":"https:\/\/novelis.io\/fr\/wp-json\/wp\/v2\/categories?post=3607"},{"taxonomy":"custom_tag","embeddable":true,"href":"https:\/\/novelis.io\/fr\/wp-json\/wp\/v2\/custom_tag?post=3607"}],"curies":[{"name":"wp","href":"https:\/\/api.w.org\/{rel}","templated":true}]}}