
{"id":5285,"date":"2022-05-02T08:06:55","date_gmt":"2022-05-02T08:06:55","guid":{"rendered":"https:\/\/novelis.io\/?post_type=news&#038;p=5285"},"modified":"2022-05-02T12:15:24","modified_gmt":"2022-05-02T12:15:24","slug":"retour-sur-le-tech-for-good-tour-organise-chez-novelis","status":"publish","type":"news","link":"https:\/\/novelis.io\/fr\/news\/retour-sur-le-tech-for-good-tour-organise-chez-novelis\/","title":{"rendered":"Retour sur le Tech for Good tour organis\u00e9 chez Novelis"},"content":{"rendered":"\n<p>Novelis a eu le plaisir d\u2019accueillir le <a href=\"https:\/\/techforgoodtour.com\/\" target=\"_blank\" rel=\"noopener\">Tech for Good Tour<\/a> dans ses locaux parisiens le 25 avril dernier afin de sensibiliser ses collaborateurs aux enjeux sociaux et environnementaux de la tech.<\/p>\n\n\n\n<p>Ces ateliers sont organis\u00e9s \u00e0 l\u2019initiative de <a href=\"https:\/\/makesense.org\/\" target=\"_blank\" rel=\"noopener\">Makesense<\/a> et <a href=\"https:\/\/www.latitudes.cc\/\" target=\"_blank\" rel=\"noopener\">Latitudes<\/a>, communaut\u00e9s d&rsquo;acteurs de la tech agissant pour construire une soci\u00e9t\u00e9 inclusive et durable et pour cr\u00e9er une technologie engag\u00e9e et plus responsable.<\/p>\n\n\n\n<p>Chlo\u00e9 Molle, mobilisatrice et intervenante de l\u2019\u00e9quipe du Tech for Good tour, est ainsi venue animer un atelier de deux heures aupr\u00e8s des \u00e9quipes Novelis. Retrouvez ci-dessous le compte-rendu de cet \u00e9v\u00e9nement aussi instructif que dynamique.<\/p>\n\n\n\n<div style=\"height:28px\" aria-hidden=\"true\" class=\"wp-block-spacer\"><\/div>\n\n\n\n<p>Au cours de cet atelier, Chlo\u00e9 a d\u00e9marr\u00e9 par une prise de conscience collective en mouvement&nbsp;de fa\u00e7on \u00e0 mettre au m\u00eame niveau d\u2019information tous les collaborateurs pr\u00e9sents dans la pi\u00e8ce. Cela nous a permis de fa\u00e7on tr\u00e8s visuelle de prendre conscience du taux de parit\u00e9 homme femme dans la tech et de r\u00e9aliser l\u2019impact que nous avons sur l\u2019environnement en termes d\u2019usage et de consommation des technologies (ordinateur, smartphone, tablette\u2026).<\/p>\n\n\n\n<p><em>Dans de nombreuses entreprises et dans le secteur de la Tech, les femmes ne repr\u00e9sentent bien souvent que 30% des effectifs et sont majoritairement repr\u00e9sent\u00e9es dans les fonctions supports&nbsp;: <a href=\"https:\/\/novelis.io\/fr\/notre-adn\/\">chez Novelis, elles sont 42%<\/a>&nbsp;!<\/em><\/p>\n\n\n\n<h4 class=\"wp-block-heading\"><strong>Avant de continuer \u00e0 lire ceci, v\u00e9rifiez votre moyenne de temps d\u2019\u00e9cran t\u00e9l\u00e9phone<\/strong> <strong>sur la semaine pass\u00e9e<\/strong><\/h4>\n\n\n\n<p><em>Sachez que 80% des adultes passent +3h\/jours devant un \u00e9cran en dehors du travail. Et vous&nbsp;?<\/em><\/p>\n\n\n\n<p><em>Pour conclure sur les chiffres li\u00e9s \u00e0 notre consommation sur les appareils technologique&nbsp;: une personne change de smartphone en moyenne tous les 2 ans.<\/em><\/p>\n\n\n\n<div style=\"height:30px\" aria-hidden=\"true\" class=\"wp-block-spacer\"><\/div>\n\n\n\n<figure class=\"wp-block-image size-large is-resized\"><img fetchpriority=\"high\" decoding=\"async\" src=\"https:\/\/novelis.io\/wp-content\/uploads\/2022\/05\/IMG_3037-1920x1440.jpg\" alt=\"\" class=\"wp-image-5286\" width=\"614\" height=\"461\" srcset=\"https:\/\/novelis.io\/wp-content\/uploads\/2022\/05\/IMG_3037-1920x1440.jpg 1920w, https:\/\/novelis.io\/wp-content\/uploads\/2022\/05\/IMG_3037-600x450.jpg 600w, https:\/\/novelis.io\/wp-content\/uploads\/2022\/05\/IMG_3037-250x188.jpg 250w, https:\/\/novelis.io\/wp-content\/uploads\/2022\/05\/IMG_3037-768x576.jpg 768w, https:\/\/novelis.io\/wp-content\/uploads\/2022\/05\/IMG_3037-1536x1152.jpg 1536w, https:\/\/novelis.io\/wp-content\/uploads\/2022\/05\/IMG_3037-2048x1536.jpg 2048w, https:\/\/novelis.io\/wp-content\/uploads\/2022\/05\/IMG_3037-1400x1050.jpg 1400w, https:\/\/novelis.io\/wp-content\/uploads\/2022\/05\/IMG_3037-30x23.jpg 30w\" sizes=\"(max-width: 614px) 100vw, 614px\" \/><\/figure>\n\n\n\n<div style=\"height:30px\" aria-hidden=\"true\" class=\"wp-block-spacer\"><\/div>\n\n\n\n<p>S\u2019en est suivi un d\u00e9bat mouvant o\u00f9 chacun devait se positionner \u00e0 un endroit pr\u00e9cis de la pi\u00e8ce pour repr\u00e9senter sa perception du r\u00f4le et impact de la tech. Sommes-nous plus sensibles aux enjeux sociaux ou environnementaux&nbsp;? La Tech va-t-elle sauver ou d\u00e9truire le monde&nbsp;?<\/p>\n\n\n\n<p><em>Les Nov\u00e9liens participants ont presque \u00e9t\u00e9 unanimes&nbsp;: pour nous la Tech peut contribuer \u00e0 sauver le monde&nbsp;! Notamment gr\u00e2ce aux avanc\u00e9es en mati\u00e8re d\u2019IA dans la m\u00e9decine ou encore via la robotique avanc\u00e9e. L\u2019avis \u00e9tait \u00e9galement partag\u00e9 sur les risques et d\u00e9rives li\u00e9s \u00e0 la surconsommation des appareils \u00e9lectroniques qui polluent et d\u00e9truisent progressivement l\u2019environnement. Il faut par exemple savoir que 200kg est le poids des mati\u00e8res premi\u00e8res qu\u2019il faut pour construire un smartphone de 200g.<\/em><\/p>\n\n\n\n<div style=\"height:30px\" aria-hidden=\"true\" class=\"wp-block-spacer\"><\/div>\n\n\n\n<p>Une fois les id\u00e9es de chacun exprim\u00e9es, Chlo\u00e9 nous a pr\u00e9sent\u00e9 une base th\u00e9orique sur ce qu\u2019est v\u00e9ritablement la Tech for Good&nbsp;: en clair, une tech plus engag\u00e9e et responsable avec de nombreuses causes \u00e0 d\u00e9fendre, mais nous y reviendrons juste apr\u00e8s.<\/p>\n\n\n\n<p>Ce court instant de pl\u00e9ni\u00e8re termin\u00e9, nous nous sommes divis\u00e9s en sous-groupes pour r\u00e9fl\u00e9chir \u00e0 des leviers d\u2019action sur ces diff\u00e9rentes causes \u00e0 d\u00e9fendre&nbsp;:<\/p>\n\n\n\n<ul class=\"wp-block-list\"><li><strong>la diversit\u00e9 dans le num\u00e9rique<\/strong>&nbsp;: faire en sorte que le d\u00e9veloppement de l\u2019usage du num\u00e9rique impacte l\u2019ensemble de notre soci\u00e9t\u00e9 et qu\u2019il soit accessible par l\u2019ensemble de la population<\/li><li><strong>la citoyennet\u00e9 num\u00e9rique<\/strong>&nbsp;: pratiquer des formes de participation sociale respectueuses des droits de l\u2019homme et de la dignit\u00e9 gr\u00e2ce \u00e0 un usage plus responsable de la tech<\/li><li><strong>la sobri\u00e9t\u00e9 num\u00e9rique<\/strong>&nbsp;: d\u00e9marche dont le but est de minimiser l\u2019impact environnemental du num\u00e9rique en r\u00e9duisant la consommation d\u2019\u00e9nergie des appareils technologiques<\/li><li><strong>le respect de l\u2019humain<\/strong>&nbsp;: r\u00e9fl\u00e9chir \u00e0 la place de l\u2019humain dans le num\u00e9rique pour \u00e9viter les d\u00e9viances et les abus en lien avec une surconsommation des objets technologies<\/li><li><strong>l\u2019accessibilit\u00e9 num\u00e9rique<\/strong>&nbsp;: permettre \u00e0 toutes les personnes, qu\u2019elles soient en situation de handicap ou non et sans discrimination, d\u2019avoir acc\u00e8s au num\u00e9rique au m\u00eame niveau d\u2019information<\/li><\/ul>\n\n\n\n<p>L\u2019objectif \u00e9tait ensuite de s\u00e9lectionner 3 probl\u00e9matiques autour de chacune de ces causes et de donner des pistes d\u2019engagement ainsi que des id\u00e9es sur des actions concr\u00e8tes \u00e0 mener pour r\u00e9pondre \u00e0 ces enjeux.<\/p>\n\n\n\n<div style=\"height:30px\" aria-hidden=\"true\" class=\"wp-block-spacer\"><\/div>\n\n\n\n<p>Les Nov\u00e9liens se sont mobilis\u00e9s avec enthousiasme et de nombreuses id\u00e9es en sont ressorties&nbsp;! Un plan d\u2019actions pour aller au bout de nos id\u00e9es est d\u00e9j\u00e0 en cours d\u2019\u00e9laboration.<\/p>\n\n\n\n<p>Encore une fois merci \u00e0 makesense et Latitudes l\u2019animation de cet atelier de sensibilisation aux enjeux sociaux et environnementaux li\u00e9s au num\u00e9rique.<\/p>\n\n\n\n<p>Il \u00e9tait important pour nous que tous les collaborateurs puissent \u00eatre sensibilis\u00e9s \u00e0 ces enjeux pour que nous puissions nous inscrire dans une d\u00e9marche globale responsable et respectueuse de l\u2019environnement.<\/p>\n\n\n\n<div style=\"height:32px\" aria-hidden=\"true\" class=\"wp-block-spacer\"><\/div>\n\n\n\n<h3 class=\"wp-block-heading\"><strong>A propos de makesense &amp; Latitudes<\/strong><\/h3>\n\n\n\n<p>Makesense est une plateforme communautaire qui cr\u00e9\u00e9 des outils et des programmes de mobilisation collective pour permettre \u00e0 tous et \u00e0 toutes de passer \u00e0 l\u2019action et de construire une soci\u00e9t\u00e9 inclusive et durable.<\/p>\n\n\n\n<p>Latitudes est une communaut\u00e9 d\u2019acteurs et d\u2019actrices de la tech, qui agissent pour cr\u00e9er une technologie engag\u00e9e et responsable&nbsp;: le but \u00e9tant de r\u00e9pondre aux d\u00e9fis sociaux et environnementaux de notre temps.<\/p>\n","protected":false},"featured_media":5286,"template":"","categories":[129],"tags":[],"custom_tag":[82,161,276],"class_list":["post-5285","news","type-news","status-publish","has-post-thumbnail","hentry","category-article-de-blog","custom_tag-frenchtech-fr","custom_tag-tech-2","custom_tag-techforgood"],"acf":{"externel_link":"","filter_opacity":"70","subtitle":"","reading_time":"","authors":"","document_to_download":{"upload_a_file":false,"download_without_form":false,"file":false,"url":""}},"yoast_head":"<!-- This site is optimized with the Yoast SEO plugin v25.6 - https:\/\/yoast.com\/wordpress\/plugins\/seo\/ -->\n<title>Le Tech for Good tour est pass\u00e9 chez Novelis - Nos retours<\/title>\n<meta name=\"description\" content=\"Novelis a accueilli le Tech for Good Tour afin de sensibiliser ses collaborateurs aux enjeux sociaux et environnementaux de la tech.\" \/>\n<meta name=\"robots\" content=\"index, follow, max-snippet:-1, max-image-preview:large, max-video-preview:-1\" \/>\n<link rel=\"canonical\" href=\"https:\/\/novelis.io\/fr\/news\/retour-sur-le-tech-for-good-tour-organise-chez-novelis\/\" \/>\n<meta property=\"og:locale\" content=\"fr_FR\" \/>\n<meta property=\"og:type\" content=\"article\" \/>\n<meta property=\"og:title\" content=\"Le Tech for Good tour est pass\u00e9 chez Novelis - Nos retours\" \/>\n<meta property=\"og:description\" content=\"Novelis a accueilli le Tech for Good Tour afin de sensibiliser ses collaborateurs aux enjeux sociaux et environnementaux de la tech.\" \/>\n<meta property=\"og:url\" content=\"https:\/\/novelis.io\/fr\/news\/retour-sur-le-tech-for-good-tour-organise-chez-novelis\/\" \/>\n<meta property=\"og:site_name\" content=\"Novelis innovation\" \/>\n<meta property=\"article:publisher\" content=\"https:\/\/www.facebook.com\/novelis.io\" \/>\n<meta property=\"article:modified_time\" content=\"2022-05-02T12:15:24+00:00\" \/>\n<meta property=\"og:image\" content=\"https:\/\/novelis.io\/wp-content\/uploads\/2022\/05\/IMG_3037-scaled.jpg\" \/>\n\t<meta property=\"og:image:width\" content=\"2560\" \/>\n\t<meta property=\"og:image:height\" content=\"1920\" \/>\n\t<meta property=\"og:image:type\" content=\"image\/jpeg\" \/>\n<meta name=\"twitter:card\" content=\"summary_large_image\" \/>\n<meta name=\"twitter:site\" content=\"@novelis_io\" \/>\n<meta name=\"twitter:label1\" content=\"Dur\u00e9e de lecture estim\u00e9e\" \/>\n\t<meta name=\"twitter:data1\" content=\"4 minutes\" \/>\n<script type=\"application\/ld+json\" class=\"yoast-schema-graph\">{\"@context\":\"https:\/\/schema.org\",\"@graph\":[{\"@type\":\"WebPage\",\"@id\":\"https:\/\/novelis.io\/fr\/news\/retour-sur-le-tech-for-good-tour-organise-chez-novelis\/\",\"url\":\"https:\/\/novelis.io\/fr\/news\/retour-sur-le-tech-for-good-tour-organise-chez-novelis\/\",\"name\":\"Le Tech for Good tour est pass\u00e9 chez Novelis - Nos retours\",\"isPartOf\":{\"@id\":\"https:\/\/novelis.io\/fr\/#website\"},\"primaryImageOfPage\":{\"@id\":\"https:\/\/novelis.io\/fr\/news\/retour-sur-le-tech-for-good-tour-organise-chez-novelis\/#primaryimage\"},\"image\":{\"@id\":\"https:\/\/novelis.io\/fr\/news\/retour-sur-le-tech-for-good-tour-organise-chez-novelis\/#primaryimage\"},\"thumbnailUrl\":\"https:\/\/novelis.io\/wp-content\/uploads\/2022\/05\/IMG_3037-scaled.jpg\",\"datePublished\":\"2022-05-02T08:06:55+00:00\",\"dateModified\":\"2022-05-02T12:15:24+00:00\",\"description\":\"Novelis a accueilli le Tech for Good Tour afin de sensibiliser ses collaborateurs aux enjeux sociaux et environnementaux de la tech.\",\"breadcrumb\":{\"@id\":\"https:\/\/novelis.io\/fr\/news\/retour-sur-le-tech-for-good-tour-organise-chez-novelis\/#breadcrumb\"},\"inLanguage\":\"fr-FR\",\"potentialAction\":[{\"@type\":\"ReadAction\",\"target\":[\"https:\/\/novelis.io\/fr\/news\/retour-sur-le-tech-for-good-tour-organise-chez-novelis\/\"]}]},{\"@type\":\"ImageObject\",\"inLanguage\":\"fr-FR\",\"@id\":\"https:\/\/novelis.io\/fr\/news\/retour-sur-le-tech-for-good-tour-organise-chez-novelis\/#primaryimage\",\"url\":\"https:\/\/novelis.io\/wp-content\/uploads\/2022\/05\/IMG_3037-scaled.jpg\",\"contentUrl\":\"https:\/\/novelis.io\/wp-content\/uploads\/2022\/05\/IMG_3037-scaled.jpg\",\"width\":2560,\"height\":1920,\"caption\":\"tech for good tour\"},{\"@type\":\"BreadcrumbList\",\"@id\":\"https:\/\/novelis.io\/fr\/news\/retour-sur-le-tech-for-good-tour-organise-chez-novelis\/#breadcrumb\",\"itemListElement\":[{\"@type\":\"ListItem\",\"position\":1,\"name\":\"Accueil\",\"item\":\"https:\/\/novelis.io\/fr\/\"},{\"@type\":\"ListItem\",\"position\":2,\"name\":\"Retour sur le Tech for Good tour organis\u00e9 chez Novelis\"}]},{\"@type\":\"WebSite\",\"@id\":\"https:\/\/novelis.io\/fr\/#website\",\"url\":\"https:\/\/novelis.io\/fr\/\",\"name\":\"Novelis innovation\",\"description\":\"Novelis innovation\",\"publisher\":{\"@id\":\"https:\/\/novelis.io\/fr\/#organization\"},\"potentialAction\":[{\"@type\":\"SearchAction\",\"target\":{\"@type\":\"EntryPoint\",\"urlTemplate\":\"https:\/\/novelis.io\/fr\/?s={search_term_string}\"},\"query-input\":{\"@type\":\"PropertyValueSpecification\",\"valueRequired\":true,\"valueName\":\"search_term_string\"}}],\"inLanguage\":\"fr-FR\"},{\"@type\":\"Organization\",\"@id\":\"https:\/\/novelis.io\/fr\/#organization\",\"name\":\"Novelis innovation\",\"url\":\"https:\/\/novelis.io\/fr\/\",\"logo\":{\"@type\":\"ImageObject\",\"inLanguage\":\"fr-FR\",\"@id\":\"https:\/\/novelis.io\/fr\/#\/schema\/logo\/image\/\",\"url\":\"https:\/\/novelis.io\/wp-content\/uploads\/2021\/12\/logo-1.png\",\"contentUrl\":\"https:\/\/novelis.io\/wp-content\/uploads\/2021\/12\/logo-1.png\",\"width\":479,\"height\":98,\"caption\":\"Novelis innovation\"},\"image\":{\"@id\":\"https:\/\/novelis.io\/fr\/#\/schema\/logo\/image\/\"},\"sameAs\":[\"https:\/\/www.facebook.com\/novelis.io\",\"https:\/\/x.com\/novelis_io\",\"https:\/\/www.linkedin.com\/company\/novelis-consulting\/\",\"https:\/\/www.youtube.com\/channel\/UCJ5eJR22n2GtfKaTWueWRPQ\"]}]}<\/script>\n<!-- \/ Yoast SEO plugin. -->","yoast_head_json":{"title":"Le Tech for Good tour est pass\u00e9 chez Novelis - Nos retours","description":"Novelis a accueilli le Tech for Good Tour afin de sensibiliser ses collaborateurs aux enjeux sociaux et environnementaux de la tech.","robots":{"index":"index","follow":"follow","max-snippet":"max-snippet:-1","max-image-preview":"max-image-preview:large","max-video-preview":"max-video-preview:-1"},"canonical":"https:\/\/novelis.io\/fr\/news\/retour-sur-le-tech-for-good-tour-organise-chez-novelis\/","og_locale":"fr_FR","og_type":"article","og_title":"Le Tech for Good tour est pass\u00e9 chez Novelis - Nos retours","og_description":"Novelis a accueilli le Tech for Good Tour afin de sensibiliser ses collaborateurs aux enjeux sociaux et environnementaux de la tech.","og_url":"https:\/\/novelis.io\/fr\/news\/retour-sur-le-tech-for-good-tour-organise-chez-novelis\/","og_site_name":"Novelis innovation","article_publisher":"https:\/\/www.facebook.com\/novelis.io","article_modified_time":"2022-05-02T12:15:24+00:00","og_image":[{"width":2560,"height":1920,"url":"https:\/\/novelis.io\/wp-content\/uploads\/2022\/05\/IMG_3037-scaled.jpg","type":"image\/jpeg"}],"twitter_card":"summary_large_image","twitter_site":"@novelis_io","twitter_misc":{"Dur\u00e9e de lecture estim\u00e9e":"4 minutes"},"schema":{"@context":"https:\/\/schema.org","@graph":[{"@type":"WebPage","@id":"https:\/\/novelis.io\/fr\/news\/retour-sur-le-tech-for-good-tour-organise-chez-novelis\/","url":"https:\/\/novelis.io\/fr\/news\/retour-sur-le-tech-for-good-tour-organise-chez-novelis\/","name":"Le Tech for Good tour est pass\u00e9 chez Novelis - Nos retours","isPartOf":{"@id":"https:\/\/novelis.io\/fr\/#website"},"primaryImageOfPage":{"@id":"https:\/\/novelis.io\/fr\/news\/retour-sur-le-tech-for-good-tour-organise-chez-novelis\/#primaryimage"},"image":{"@id":"https:\/\/novelis.io\/fr\/news\/retour-sur-le-tech-for-good-tour-organise-chez-novelis\/#primaryimage"},"thumbnailUrl":"https:\/\/novelis.io\/wp-content\/uploads\/2022\/05\/IMG_3037-scaled.jpg","datePublished":"2022-05-02T08:06:55+00:00","dateModified":"2022-05-02T12:15:24+00:00","description":"Novelis a accueilli le Tech for Good Tour afin de sensibiliser ses collaborateurs aux enjeux sociaux et environnementaux de la tech.","breadcrumb":{"@id":"https:\/\/novelis.io\/fr\/news\/retour-sur-le-tech-for-good-tour-organise-chez-novelis\/#breadcrumb"},"inLanguage":"fr-FR","potentialAction":[{"@type":"ReadAction","target":["https:\/\/novelis.io\/fr\/news\/retour-sur-le-tech-for-good-tour-organise-chez-novelis\/"]}]},{"@type":"ImageObject","inLanguage":"fr-FR","@id":"https:\/\/novelis.io\/fr\/news\/retour-sur-le-tech-for-good-tour-organise-chez-novelis\/#primaryimage","url":"https:\/\/novelis.io\/wp-content\/uploads\/2022\/05\/IMG_3037-scaled.jpg","contentUrl":"https:\/\/novelis.io\/wp-content\/uploads\/2022\/05\/IMG_3037-scaled.jpg","width":2560,"height":1920,"caption":"tech for good tour"},{"@type":"BreadcrumbList","@id":"https:\/\/novelis.io\/fr\/news\/retour-sur-le-tech-for-good-tour-organise-chez-novelis\/#breadcrumb","itemListElement":[{"@type":"ListItem","position":1,"name":"Accueil","item":"https:\/\/novelis.io\/fr\/"},{"@type":"ListItem","position":2,"name":"Retour sur le Tech for Good tour organis\u00e9 chez Novelis"}]},{"@type":"WebSite","@id":"https:\/\/novelis.io\/fr\/#website","url":"https:\/\/novelis.io\/fr\/","name":"Novelis innovation","description":"Novelis innovation","publisher":{"@id":"https:\/\/novelis.io\/fr\/#organization"},"potentialAction":[{"@type":"SearchAction","target":{"@type":"EntryPoint","urlTemplate":"https:\/\/novelis.io\/fr\/?s={search_term_string}"},"query-input":{"@type":"PropertyValueSpecification","valueRequired":true,"valueName":"search_term_string"}}],"inLanguage":"fr-FR"},{"@type":"Organization","@id":"https:\/\/novelis.io\/fr\/#organization","name":"Novelis innovation","url":"https:\/\/novelis.io\/fr\/","logo":{"@type":"ImageObject","inLanguage":"fr-FR","@id":"https:\/\/novelis.io\/fr\/#\/schema\/logo\/image\/","url":"https:\/\/novelis.io\/wp-content\/uploads\/2021\/12\/logo-1.png","contentUrl":"https:\/\/novelis.io\/wp-content\/uploads\/2021\/12\/logo-1.png","width":479,"height":98,"caption":"Novelis innovation"},"image":{"@id":"https:\/\/novelis.io\/fr\/#\/schema\/logo\/image\/"},"sameAs":["https:\/\/www.facebook.com\/novelis.io","https:\/\/x.com\/novelis_io","https:\/\/www.linkedin.com\/company\/novelis-consulting\/","https:\/\/www.youtube.com\/channel\/UCJ5eJR22n2GtfKaTWueWRPQ"]}]}},"_links":{"self":[{"href":"https:\/\/novelis.io\/fr\/wp-json\/wp\/v2\/news\/5285"}],"collection":[{"href":"https:\/\/novelis.io\/fr\/wp-json\/wp\/v2\/news"}],"about":[{"href":"https:\/\/novelis.io\/fr\/wp-json\/wp\/v2\/types\/news"}],"wp:featuredmedia":[{"embeddable":true,"href":"https:\/\/novelis.io\/fr\/wp-json\/wp\/v2\/media\/5286"}],"wp:attachment":[{"href":"https:\/\/novelis.io\/fr\/wp-json\/wp\/v2\/media?parent=5285"}],"wp:term":[{"taxonomy":"category","embeddable":true,"href":"https:\/\/novelis.io\/fr\/wp-json\/wp\/v2\/categories?post=5285"},{"taxonomy":"post_tag","embeddable":true,"href":"https:\/\/novelis.io\/fr\/wp-json\/wp\/v2\/tags?post=5285"},{"taxonomy":"custom_tag","embeddable":true,"href":"https:\/\/novelis.io\/fr\/wp-json\/wp\/v2\/custom_tag?post=5285"}],"curies":[{"name":"wp","href":"https:\/\/api.w.org\/{rel}","templated":true}]}}