
{"id":6806,"date":"2023-03-07T10:48:43","date_gmt":"2023-03-07T10:48:43","guid":{"rendered":"https:\/\/novelis.io\/?post_type=news&#038;p=6806"},"modified":"2023-03-08T16:46:43","modified_gmt":"2023-03-08T16:46:43","slug":"decouvrez-le-portrait-de-nihal-djebli-directrice-dune-association-de-reference-dans-le-domaine-de-lit-et-du-digital-au-maroc","status":"publish","type":"news","link":"https:\/\/novelis.io\/fr\/news\/decouvrez-le-portrait-de-nihal-djebli-directrice-dune-association-de-reference-dans-le-domaine-de-lit-et-du-digital-au-maroc\/","title":{"rendered":"D\u00e9couvrez le portrait de Nihal Djebli, directrice dune association de r\u00e9f\u00e9rence dans le domaine de l&rsquo;IT et du digital au Maroc"},"content":{"rendered":"\n<p>Chez Novelis, la Journ\u00e9e internationale des <a href=\"https:\/\/www.internationalwomensday.com\/\" target=\"_blank\" rel=\"noopener\">droits de la femme<\/a> est l&rsquo;occasion de pr\u00e9senter notre exemplarit\u00e9 sur le sujet de la r\u00e9ussite de la femme dans l\u2019entreprise. Nous sommes actuellement \u00e0 un niveau de <a href=\"https:\/\/novelis.io\/dna\/\">parit\u00e9 proche de 50%<\/a>, ce qui n\u2019est pas toujours commun dans le monde de la Tech o\u00f9 les femmes ont souvent du mal \u00e0 se faire une place.<\/p>\n\n\n\n<p>Dans la lign\u00e9e des femmes qui nous inspirent au quotidien, nous souhaitons aujourd\u2019hui vous partager les interviews de femmes entrepreneuses, CEO, qui nous partagent leurs parcours et recommandations pour les jeunes filles qui sont les femmes de la tech de demain.<\/p>\n\n\n\n<figure class=\"wp-block-image size-full is-resized\"><img decoding=\"async\" src=\"https:\/\/novelis.io\/wp-content\/uploads\/2023\/03\/Nihal-Djebli-1.jpg\" alt=\"Nihal Djebli\" class=\"wp-image-6803\" width=\"160\" height=\"240\" srcset=\"https:\/\/novelis.io\/wp-content\/uploads\/2023\/03\/Nihal-Djebli-1.jpg 854w, https:\/\/novelis.io\/wp-content\/uploads\/2023\/03\/Nihal-Djebli-1-400x600.jpg 400w, https:\/\/novelis.io\/wp-content\/uploads\/2023\/03\/Nihal-Djebli-1-167x250.jpg 167w, https:\/\/novelis.io\/wp-content\/uploads\/2023\/03\/Nihal-Djebli-1-768x1151.jpg 768w, https:\/\/novelis.io\/wp-content\/uploads\/2023\/03\/Nihal-Djebli-1-20x30.jpg 20w\" sizes=\"(max-width: 160px) 100vw, 160px\" \/><\/figure>\n\n\n\n<p><em>Entrepreneuse, m\u00e8re de famille et femme engag\u00e9e,&nbsp;Nihal Djebli est Directrice G\u00e9n\u00e9rale de l&rsquo;<a href=\"https:\/\/www.ausimaroc.com\/\" target=\"_blank\" rel=\"noopener\">AUSIM<\/a>,&nbsp;une association de r\u00e9f\u00e9rence dans le domaine de l&rsquo;IT et du digital au Maroc.&nbsp;Form\u00e9e au marketing strat\u00e9gique, Mme Djebli a obtenu une licence \u00e0 l&rsquo;\u00c9cole Sup\u00e9rieure de Commerce (2001-2005) et un master \u00e0 l&rsquo;\u00c9cole de Gestion de Toulouse (2005-2006). Elle a compl\u00e9t\u00e9 sa formation par un Executive Certificate de Centrale Supelec en transformation digitale.&nbsp;Passionn\u00e9e par la communication et l\u2019organisation d&rsquo;\u00e9v\u00e9nements d\u00e8s son plus jeune \u00e2ge, son exp\u00e9rience professionnelle lui a permis d&rsquo;acqu\u00e9rir une expertise dans l&rsquo;organisation d&rsquo;\u00e9v\u00e9nements avant de lancer Chicadresse.ma, une plateforme innovante pour disrupter l\u2019industrie de l\u2019\u00e9v\u00e9nementiel familial et du wedding, qui fournit des conseils et des informations aux jeunes couples qui pr\u00e9parent leur mariage et assure le matchmaking avec les prestataires de service.&nbsp;En 2019, Nihal Djebli a rejoint l\u2019AUSIM \u2013 l\u2019Association des Utilisateurs de Syst\u00e8mes d&rsquo;Information au Maroc, en tant que Directrice G\u00e9n\u00e9rale. L&rsquo;Association accompagne plus de 100 organisations membres (Grands groupes, PME, administrations et offices) repr\u00e9sentants les 3 secteurs primaire, secondaire et tertiaire, dans leur mise en \u0153uvre de projets de transformation digitale. L\u2019AUSIM c\u00e9l\u00e8bre cette ann\u00e9e ses 30 ans d\u2019existence au service du secteur de l\u2019IT et du Digital au Maroc et organise tous les 2 ans l\u2019un des plus grands rassemblements en Afrique d\u00e9di\u00e9 au secteur de l\u2019IT et du Digital les Assises de l\u2019AUSIM avec plus de 1200 participants en octobre 2022.&nbsp;<\/em><\/p>\n\n\n\n<p><strong>Question 1 : Que vouliez-vous faire quand vous \u00e9tiez enfant et que faites-vous aujourd\u2019hui ?&nbsp;<\/strong><\/p>\n\n\n\n<p>Je n\u2019ai certainement pas r\u00eav\u00e9 de diriger une association professionnelle qui op\u00e8re dans l\u2019IT et le Digital, ni \u00e0 devenir entrepreneuse.&nbsp; Ce que je veux dire par l\u00e0, c\u2019est que quels que soient nos r\u00eaves d\u2019enfant, le chemin que nous choisissons comme point de d\u00e9part peut changer \u00e0 travers les diff\u00e9rentes \u00e9tapes de la vie. Enfant, j\u2019ai re\u00e7u une \u00e9ducation, des enseignements, des notions et des valeurs qui m\u2019ont accompagn\u00e9e et ont fait de moi ce que je suis aujourd\u2019hui. J\u2019ai \u00e9t\u00e9 influenc\u00e9e et inspir\u00e9e par des femmes et des hommes que j\u2019ai fr\u00e9quent\u00e9s et rencontr\u00e9s dans une vie r\u00e9elle ou virtuelle, et qui ont aid\u00e9 \u00e0 forger ma personnalit\u00e9.&nbsp;&nbsp;<\/p>\n\n\n\n<p>Enfant, les femmes mais aussi les hommes qui m\u2019ont marqu\u00e9e \u00e9taient celles et ceux qui se distinguaient \u00e0 la fois par leur courage et leadership, mais aussi par leur bont\u00e9 et grand c\u0153ur. Celles et ceux qui brillaient en \u00e9tant \u00e9galement au service des autres.&nbsp;Je ne r\u00eavais pas d\u2019un m\u00e9tier (m\u00e9decin, architecte\u2026) mais plut\u00f4t \u00e0 m\u2019identifier \u00e0 ces femmes libres, fortes, battantes, inspirantes, courageuses, qui cr\u00e9ent de la valeur, g\u00e9n\u00e9reuses avec un grand c\u0153ur et beaucoup d\u2019amour \u00e0 donner pour aider les autres.&nbsp;&nbsp;<\/p>\n\n\n\n<p>Est-ce que j\u2019ai r\u00e9ussi \u00e0 devenir cette femme\u202f? Je fais toujours confiance au chemin et continue \u00e0 m\u2019inspirer pour donner la meilleure version de moi-m\u00eame.&nbsp;<\/p>\n\n\n\n<p><strong>Question 2 : Quelles difficult\u00e9s avez-vous rencontr\u00e9es pour en arriver l\u00e0 ?&nbsp;<\/strong><\/p>\n\n\n\n<p>Avec du recul et un peu de sagesse, je dirais que les difficult\u00e9s que nous rencontrons restent les plus belles le\u00e7ons de la vie. Les obstacles que nous croisons nous permettent de tester notre capacit\u00e9 \u00e0 se r\u00e9inventer, \u00e0 se renouveler et \u00e0 agir en changeant quelques param\u00e8tres dans la vie. Personnellement, j\u2019ai toujours appliqu\u00e9 le \u00ab\u202fReset, recommencez\u202f\u00bb. J\u2019ai rencontr\u00e9 des difficult\u00e9s dans mon parcours professionnel, notamment lorsque j\u2019avais d\u00e9cid\u00e9 d\u2019entreprendre en 2012 dans un domaine que je ne ma\u00eetrisais pas\u202f: le digital. J\u2019ai beaucoup appris en exp\u00e9rimentant et en agissant \u00ab\u202flearning by doing\u202f\u00bb, j\u2019ai aussi fait quelques erreurs qui m\u2019ont co\u00fbt\u00e9 du temps, de l\u2019argent, de l\u2019\u00e9nergie, quelques sacrifices&#8230;Est-ce que je regrette\u202f? Pas du tout\u202f! Si je n\u2019\u00e9tais pas pass\u00e9e par l\u00e0, si je n\u2019avais pas commis ces erreurs, si je n\u2019avais pas connu des difficult\u00e9s de parcours, peut-\u00eatre que je n\u2019aurais jamais pu d\u00e9couvrir mes capacit\u00e9s \u00e0 naviguer dans des eaux turbulentes ou \u00e0 composer avec l\u2019incertain, je n\u2019aurais pas d\u00e9velopp\u00e9 mon agilit\u00e9 et r\u00e9silience, ma force pour rebondir et trouver des solutions et ma foi et confiance en moi, en mes comp\u00e9tences et en mes valeurs.&nbsp;<\/p>\n\n\n\n<p><strong>Question 3 : Quels conseils donneriez-vous \u00e0 l&rsquo;enfant que vous \u00e9tiez pour accomplir vos r\u00eaves ?<\/strong><\/p>\n\n\n\n<p>Ne jamais se limiter\u202f!&nbsp;Notre potentiel est illimit\u00e9. Il faut oser aller \u00e0 la d\u00e9couverte de soi. Quelques fois, cela se fait naturellement mais souvent ce sont les exp\u00e9riences de vie qui nous imposent d\u2019aller creuser pour se d\u00e9couvrir. Il ne faudrait pas avoir peur, bien au contraire.&nbsp;&nbsp;<\/p>\n\n\n\n<p>Un choix de carri\u00e8re et vous prenez conscience avec le temps que ce n\u2019est pas l\u00e0 o\u00f9 votre c\u0153ur vibre\u202f! Il n\u2019est jamais trop tard pour changer et aller \u00e0 la d\u00e9couverte de ce que vous aimez.&nbsp;Un projet qui vous tient \u00e0 c\u0153ur\u202f? Prenez une feuille et \u00e9crivez les 1\u00e8res lignes\u2026C\u2019est toujours le 1<sup>er<\/sup> pas qui est difficile.&nbsp;<\/p>\n\n\n\n<p>Une vie r\u00e9ussie\u202f? D\u00e9finissez ce que r\u00e9ussite signifie pour vous. Quels sont les ingr\u00e9dients n\u00e9cessaires pour que vous puissiez qualifier votre vie de r\u00e9ussie ?&nbsp; A chacun son r\u00e9f\u00e9rentiel.&nbsp;&nbsp;<\/p>\n\n\n\n<p>Et puis rappelons-nous que la vie est parsem\u00e9e d&rsquo;\u00e9pines et pas uniquement de fleurs et qu\u2019il faut accepter des fois de se faire piquer pour cueillir la fleur.&nbsp;&nbsp;<\/p>\n\n\n\n<p><strong>Question 4 : Un autre conseil pour les jeunes filles qui h\u00e9sitent \u00e0 s&rsquo;orienter dans une carri\u00e8re scientifique ?&nbsp;&nbsp;<\/strong><\/p>\n\n\n\n<p>Prenez le temps de vous informer sur les opportunit\u00e9s offertes par les fili\u00e8res TIC. Il y a des perspectives d&#8217;emploi int\u00e9ressantes dans les domaines de l\u2019IT et du Digital \u00e0 explorer et ces fili\u00e8res ne sont pas exclusivement masculines.&nbsp;Les TIC sont un secteur en constante \u00e9volution et en forte croissance. Prenons l\u2019exemple de la cybers\u00e9curit\u00e9 qui est devenue un enjeu majeur pour les entreprises et les organisations ou encore de l\u2019IA &amp; Big data qui sont en plein essor et offrent de nombreuses opportunit\u00e9s d\u2019emploi.&nbsp;<\/p>\n\n\n\n<p>Mon conseil\u202f: renseignez-vous avant de vous lancer dans des \u00e9tudes et choisissez votre fili\u00e8re en fonction aussi de vos centres d\u2019int\u00e9r\u00eats et comp\u00e9tences. Ne choisissez pas forc\u00e9ment la facilit\u00e9, mais plut\u00f4t l\u00e0 o\u00f9 vous savez que vous allez exceller et donner le meilleur de vous-m\u00eame.&nbsp;<\/p>\n\n\n\n<p>Et pour celles qui souhaitent lancer une start-up, entourez-vous et choisissez des programmes de mentorat et d\u2019accompagnement pour r\u00e9ussir vos 1ers pas et au-del\u00e0. Il y a plusieurs programmes et structures qui accompagnent des jeunes filles qui ont une id\u00e9e de projets et souhaitent la d\u00e9velopper.&nbsp;Un autre conseil, ne restez jamais seules\u202f! Ouvrez votre carnet d\u2019adresses, acc\u00e9dez \u00e0 des r\u00e9seaux et prenez les bonnes informations avant de vous lancer dans un choix de carri\u00e8re, des \u00e9tudes ou dans une aventure entrepreneuriale.&nbsp;<\/p>\n\n\n\n<p>Je finis par cette citation de Alvin Toffler qui dit \u00ab\u202fLes illettr\u00e9s du XXIe si\u00e8cle ne seront pas ceux qui ne savent pas lire ou \u00e9crire, mais ceux qui ne savent pas apprendre, d\u00e9sapprendre et r\u00e9apprendre\u202f\u00bb. Un dernier conseil\u202f: il n\u2019est jamais trop tard pour tout recommencer. Si vous aimez la technologie et le digital, lancez-vous\u202f! Qui a dit que c\u2019est trop tard\u202f? Ne vous limitez jamais\u202f!&nbsp;<\/p>\n","protected":false},"featured_media":6807,"template":"","categories":[129],"tags":[],"custom_tag":[97,381,161],"class_list":["post-6806","news","type-news","status-publish","has-post-thumbnail","hentry","category-article-de-blog","custom_tag-interview-fr","custom_tag-journeedelafemme","custom_tag-tech-2"],"acf":{"externel_link":"","filter_opacity":"70","subtitle":"","reading_time":"","authors":"","document_to_download":{"upload_a_file":false,"download_without_form":false,"file":false,"url":""}},"yoast_head":"<!-- This site is optimized with the Yoast SEO plugin v25.6 - https:\/\/yoast.com\/wordpress\/plugins\/seo\/ -->\n<title>Nihal Djebli, directrice d&#039;une association de r\u00e9f\u00e9rence dans le domaine de l&#039;IT et du digital au Maroc<\/title>\n<meta name=\"description\" content=\"Fmme engag\u00e9e, Nihal Djebli est Directrice G\u00e9n\u00e9rale de l&#039;AUSIM, une association de r\u00e9f\u00e9rence dans le domaine de l&#039;IT et du digital au Maroc\" \/>\n<meta name=\"robots\" content=\"index, follow, max-snippet:-1, max-image-preview:large, max-video-preview:-1\" \/>\n<link rel=\"canonical\" href=\"https:\/\/novelis.io\/fr\/news\/decouvrez-le-portrait-de-nihal-djebli-directrice-dune-association-de-reference-dans-le-domaine-de-lit-et-du-digital-au-maroc\/\" \/>\n<meta property=\"og:locale\" content=\"fr_FR\" \/>\n<meta property=\"og:type\" content=\"article\" \/>\n<meta property=\"og:title\" content=\"Nihal Djebli, directrice d&#039;une association de r\u00e9f\u00e9rence dans le domaine de l&#039;IT et du digital au Maroc\" \/>\n<meta property=\"og:description\" content=\"Fmme engag\u00e9e, Nihal Djebli est Directrice G\u00e9n\u00e9rale de l&#039;AUSIM, une association de r\u00e9f\u00e9rence dans le domaine de l&#039;IT et du digital au Maroc\" \/>\n<meta property=\"og:url\" content=\"https:\/\/novelis.io\/fr\/news\/decouvrez-le-portrait-de-nihal-djebli-directrice-dune-association-de-reference-dans-le-domaine-de-lit-et-du-digital-au-maroc\/\" \/>\n<meta property=\"og:site_name\" content=\"Novelis innovation\" \/>\n<meta property=\"article:publisher\" content=\"https:\/\/www.facebook.com\/novelis.io\" \/>\n<meta property=\"article:modified_time\" content=\"2023-03-08T16:46:43+00:00\" \/>\n<meta property=\"og:image\" content=\"https:\/\/novelis.io\/wp-content\/uploads\/2023\/03\/blog-1200-\u00d7-628-px-6.jpg\" \/>\n\t<meta property=\"og:image:width\" content=\"1200\" \/>\n\t<meta property=\"og:image:height\" content=\"628\" \/>\n\t<meta property=\"og:image:type\" content=\"image\/jpeg\" \/>\n<meta name=\"twitter:card\" content=\"summary_large_image\" \/>\n<meta name=\"twitter:site\" content=\"@novelis_io\" \/>\n<meta name=\"twitter:label1\" content=\"Dur\u00e9e de lecture estim\u00e9e\" \/>\n\t<meta name=\"twitter:data1\" content=\"7 minutes\" \/>\n<script type=\"application\/ld+json\" class=\"yoast-schema-graph\">{\"@context\":\"https:\/\/schema.org\",\"@graph\":[{\"@type\":\"WebPage\",\"@id\":\"https:\/\/novelis.io\/fr\/news\/decouvrez-le-portrait-de-nihal-djebli-directrice-dune-association-de-reference-dans-le-domaine-de-lit-et-du-digital-au-maroc\/\",\"url\":\"https:\/\/novelis.io\/fr\/news\/decouvrez-le-portrait-de-nihal-djebli-directrice-dune-association-de-reference-dans-le-domaine-de-lit-et-du-digital-au-maroc\/\",\"name\":\"Nihal Djebli, directrice d'une association de r\u00e9f\u00e9rence dans le domaine de l'IT et du digital au Maroc\",\"isPartOf\":{\"@id\":\"https:\/\/novelis.io\/fr\/#website\"},\"primaryImageOfPage\":{\"@id\":\"https:\/\/novelis.io\/fr\/news\/decouvrez-le-portrait-de-nihal-djebli-directrice-dune-association-de-reference-dans-le-domaine-de-lit-et-du-digital-au-maroc\/#primaryimage\"},\"image\":{\"@id\":\"https:\/\/novelis.io\/fr\/news\/decouvrez-le-portrait-de-nihal-djebli-directrice-dune-association-de-reference-dans-le-domaine-de-lit-et-du-digital-au-maroc\/#primaryimage\"},\"thumbnailUrl\":\"https:\/\/novelis.io\/wp-content\/uploads\/2023\/03\/blog-1200-\u00d7-628-px-6.jpg\",\"datePublished\":\"2023-03-07T10:48:43+00:00\",\"dateModified\":\"2023-03-08T16:46:43+00:00\",\"description\":\"Fmme engag\u00e9e, Nihal Djebli est Directrice G\u00e9n\u00e9rale de l'AUSIM, une association de r\u00e9f\u00e9rence dans le domaine de l'IT et du digital au Maroc\",\"breadcrumb\":{\"@id\":\"https:\/\/novelis.io\/fr\/news\/decouvrez-le-portrait-de-nihal-djebli-directrice-dune-association-de-reference-dans-le-domaine-de-lit-et-du-digital-au-maroc\/#breadcrumb\"},\"inLanguage\":\"fr-FR\",\"potentialAction\":[{\"@type\":\"ReadAction\",\"target\":[\"https:\/\/novelis.io\/fr\/news\/decouvrez-le-portrait-de-nihal-djebli-directrice-dune-association-de-reference-dans-le-domaine-de-lit-et-du-digital-au-maroc\/\"]}]},{\"@type\":\"ImageObject\",\"inLanguage\":\"fr-FR\",\"@id\":\"https:\/\/novelis.io\/fr\/news\/decouvrez-le-portrait-de-nihal-djebli-directrice-dune-association-de-reference-dans-le-domaine-de-lit-et-du-digital-au-maroc\/#primaryimage\",\"url\":\"https:\/\/novelis.io\/wp-content\/uploads\/2023\/03\/blog-1200-\u00d7-628-px-6.jpg\",\"contentUrl\":\"https:\/\/novelis.io\/wp-content\/uploads\/2023\/03\/blog-1200-\u00d7-628-px-6.jpg\",\"width\":1200,\"height\":628,\"caption\":\"Journ\u00e9e internationale de la femme\"},{\"@type\":\"BreadcrumbList\",\"@id\":\"https:\/\/novelis.io\/fr\/news\/decouvrez-le-portrait-de-nihal-djebli-directrice-dune-association-de-reference-dans-le-domaine-de-lit-et-du-digital-au-maroc\/#breadcrumb\",\"itemListElement\":[{\"@type\":\"ListItem\",\"position\":1,\"name\":\"Accueil\",\"item\":\"https:\/\/novelis.io\/fr\/\"},{\"@type\":\"ListItem\",\"position\":2,\"name\":\"D\u00e9couvrez le portrait de Nihal Djebli, directrice dune association de r\u00e9f\u00e9rence dans le domaine de l&rsquo;IT et du digital au Maroc\"}]},{\"@type\":\"WebSite\",\"@id\":\"https:\/\/novelis.io\/fr\/#website\",\"url\":\"https:\/\/novelis.io\/fr\/\",\"name\":\"Novelis innovation\",\"description\":\"Novelis innovation\",\"publisher\":{\"@id\":\"https:\/\/novelis.io\/fr\/#organization\"},\"potentialAction\":[{\"@type\":\"SearchAction\",\"target\":{\"@type\":\"EntryPoint\",\"urlTemplate\":\"https:\/\/novelis.io\/fr\/?s={search_term_string}\"},\"query-input\":{\"@type\":\"PropertyValueSpecification\",\"valueRequired\":true,\"valueName\":\"search_term_string\"}}],\"inLanguage\":\"fr-FR\"},{\"@type\":\"Organization\",\"@id\":\"https:\/\/novelis.io\/fr\/#organization\",\"name\":\"Novelis innovation\",\"url\":\"https:\/\/novelis.io\/fr\/\",\"logo\":{\"@type\":\"ImageObject\",\"inLanguage\":\"fr-FR\",\"@id\":\"https:\/\/novelis.io\/fr\/#\/schema\/logo\/image\/\",\"url\":\"https:\/\/novelis.io\/wp-content\/uploads\/2021\/12\/logo-1.png\",\"contentUrl\":\"https:\/\/novelis.io\/wp-content\/uploads\/2021\/12\/logo-1.png\",\"width\":479,\"height\":98,\"caption\":\"Novelis innovation\"},\"image\":{\"@id\":\"https:\/\/novelis.io\/fr\/#\/schema\/logo\/image\/\"},\"sameAs\":[\"https:\/\/www.facebook.com\/novelis.io\",\"https:\/\/x.com\/novelis_io\",\"https:\/\/www.linkedin.com\/company\/novelis-consulting\/\",\"https:\/\/www.youtube.com\/channel\/UCJ5eJR22n2GtfKaTWueWRPQ\"]}]}<\/script>\n<!-- \/ Yoast SEO plugin. -->","yoast_head_json":{"title":"Nihal Djebli, directrice d'une association de r\u00e9f\u00e9rence dans le domaine de l'IT et du digital au Maroc","description":"Fmme engag\u00e9e, Nihal Djebli est Directrice G\u00e9n\u00e9rale de l'AUSIM, une association de r\u00e9f\u00e9rence dans le domaine de l'IT et du digital au Maroc","robots":{"index":"index","follow":"follow","max-snippet":"max-snippet:-1","max-image-preview":"max-image-preview:large","max-video-preview":"max-video-preview:-1"},"canonical":"https:\/\/novelis.io\/fr\/news\/decouvrez-le-portrait-de-nihal-djebli-directrice-dune-association-de-reference-dans-le-domaine-de-lit-et-du-digital-au-maroc\/","og_locale":"fr_FR","og_type":"article","og_title":"Nihal Djebli, directrice d'une association de r\u00e9f\u00e9rence dans le domaine de l'IT et du digital au Maroc","og_description":"Fmme engag\u00e9e, Nihal Djebli est Directrice G\u00e9n\u00e9rale de l'AUSIM, une association de r\u00e9f\u00e9rence dans le domaine de l'IT et du digital au Maroc","og_url":"https:\/\/novelis.io\/fr\/news\/decouvrez-le-portrait-de-nihal-djebli-directrice-dune-association-de-reference-dans-le-domaine-de-lit-et-du-digital-au-maroc\/","og_site_name":"Novelis innovation","article_publisher":"https:\/\/www.facebook.com\/novelis.io","article_modified_time":"2023-03-08T16:46:43+00:00","og_image":[{"width":1200,"height":628,"url":"https:\/\/novelis.io\/wp-content\/uploads\/2023\/03\/blog-1200-\u00d7-628-px-6.jpg","type":"image\/jpeg"}],"twitter_card":"summary_large_image","twitter_site":"@novelis_io","twitter_misc":{"Dur\u00e9e de lecture estim\u00e9e":"7 minutes"},"schema":{"@context":"https:\/\/schema.org","@graph":[{"@type":"WebPage","@id":"https:\/\/novelis.io\/fr\/news\/decouvrez-le-portrait-de-nihal-djebli-directrice-dune-association-de-reference-dans-le-domaine-de-lit-et-du-digital-au-maroc\/","url":"https:\/\/novelis.io\/fr\/news\/decouvrez-le-portrait-de-nihal-djebli-directrice-dune-association-de-reference-dans-le-domaine-de-lit-et-du-digital-au-maroc\/","name":"Nihal Djebli, directrice d'une association de r\u00e9f\u00e9rence dans le domaine de l'IT et du digital au Maroc","isPartOf":{"@id":"https:\/\/novelis.io\/fr\/#website"},"primaryImageOfPage":{"@id":"https:\/\/novelis.io\/fr\/news\/decouvrez-le-portrait-de-nihal-djebli-directrice-dune-association-de-reference-dans-le-domaine-de-lit-et-du-digital-au-maroc\/#primaryimage"},"image":{"@id":"https:\/\/novelis.io\/fr\/news\/decouvrez-le-portrait-de-nihal-djebli-directrice-dune-association-de-reference-dans-le-domaine-de-lit-et-du-digital-au-maroc\/#primaryimage"},"thumbnailUrl":"https:\/\/novelis.io\/wp-content\/uploads\/2023\/03\/blog-1200-\u00d7-628-px-6.jpg","datePublished":"2023-03-07T10:48:43+00:00","dateModified":"2023-03-08T16:46:43+00:00","description":"Fmme engag\u00e9e, Nihal Djebli est Directrice G\u00e9n\u00e9rale de l'AUSIM, une association de r\u00e9f\u00e9rence dans le domaine de l'IT et du digital au Maroc","breadcrumb":{"@id":"https:\/\/novelis.io\/fr\/news\/decouvrez-le-portrait-de-nihal-djebli-directrice-dune-association-de-reference-dans-le-domaine-de-lit-et-du-digital-au-maroc\/#breadcrumb"},"inLanguage":"fr-FR","potentialAction":[{"@type":"ReadAction","target":["https:\/\/novelis.io\/fr\/news\/decouvrez-le-portrait-de-nihal-djebli-directrice-dune-association-de-reference-dans-le-domaine-de-lit-et-du-digital-au-maroc\/"]}]},{"@type":"ImageObject","inLanguage":"fr-FR","@id":"https:\/\/novelis.io\/fr\/news\/decouvrez-le-portrait-de-nihal-djebli-directrice-dune-association-de-reference-dans-le-domaine-de-lit-et-du-digital-au-maroc\/#primaryimage","url":"https:\/\/novelis.io\/wp-content\/uploads\/2023\/03\/blog-1200-\u00d7-628-px-6.jpg","contentUrl":"https:\/\/novelis.io\/wp-content\/uploads\/2023\/03\/blog-1200-\u00d7-628-px-6.jpg","width":1200,"height":628,"caption":"Journ\u00e9e internationale de la femme"},{"@type":"BreadcrumbList","@id":"https:\/\/novelis.io\/fr\/news\/decouvrez-le-portrait-de-nihal-djebli-directrice-dune-association-de-reference-dans-le-domaine-de-lit-et-du-digital-au-maroc\/#breadcrumb","itemListElement":[{"@type":"ListItem","position":1,"name":"Accueil","item":"https:\/\/novelis.io\/fr\/"},{"@type":"ListItem","position":2,"name":"D\u00e9couvrez le portrait de Nihal Djebli, directrice dune association de r\u00e9f\u00e9rence dans le domaine de l&rsquo;IT et du digital au Maroc"}]},{"@type":"WebSite","@id":"https:\/\/novelis.io\/fr\/#website","url":"https:\/\/novelis.io\/fr\/","name":"Novelis innovation","description":"Novelis innovation","publisher":{"@id":"https:\/\/novelis.io\/fr\/#organization"},"potentialAction":[{"@type":"SearchAction","target":{"@type":"EntryPoint","urlTemplate":"https:\/\/novelis.io\/fr\/?s={search_term_string}"},"query-input":{"@type":"PropertyValueSpecification","valueRequired":true,"valueName":"search_term_string"}}],"inLanguage":"fr-FR"},{"@type":"Organization","@id":"https:\/\/novelis.io\/fr\/#organization","name":"Novelis innovation","url":"https:\/\/novelis.io\/fr\/","logo":{"@type":"ImageObject","inLanguage":"fr-FR","@id":"https:\/\/novelis.io\/fr\/#\/schema\/logo\/image\/","url":"https:\/\/novelis.io\/wp-content\/uploads\/2021\/12\/logo-1.png","contentUrl":"https:\/\/novelis.io\/wp-content\/uploads\/2021\/12\/logo-1.png","width":479,"height":98,"caption":"Novelis innovation"},"image":{"@id":"https:\/\/novelis.io\/fr\/#\/schema\/logo\/image\/"},"sameAs":["https:\/\/www.facebook.com\/novelis.io","https:\/\/x.com\/novelis_io","https:\/\/www.linkedin.com\/company\/novelis-consulting\/","https:\/\/www.youtube.com\/channel\/UCJ5eJR22n2GtfKaTWueWRPQ"]}]}},"_links":{"self":[{"href":"https:\/\/novelis.io\/fr\/wp-json\/wp\/v2\/news\/6806"}],"collection":[{"href":"https:\/\/novelis.io\/fr\/wp-json\/wp\/v2\/news"}],"about":[{"href":"https:\/\/novelis.io\/fr\/wp-json\/wp\/v2\/types\/news"}],"wp:featuredmedia":[{"embeddable":true,"href":"https:\/\/novelis.io\/fr\/wp-json\/wp\/v2\/media\/6807"}],"wp:attachment":[{"href":"https:\/\/novelis.io\/fr\/wp-json\/wp\/v2\/media?parent=6806"}],"wp:term":[{"taxonomy":"category","embeddable":true,"href":"https:\/\/novelis.io\/fr\/wp-json\/wp\/v2\/categories?post=6806"},{"taxonomy":"post_tag","embeddable":true,"href":"https:\/\/novelis.io\/fr\/wp-json\/wp\/v2\/tags?post=6806"},{"taxonomy":"custom_tag","embeddable":true,"href":"https:\/\/novelis.io\/fr\/wp-json\/wp\/v2\/custom_tag?post=6806"}],"curies":[{"name":"wp","href":"https:\/\/api.w.org\/{rel}","templated":true}]}}